{"id":3168,"date":"2023-10-26T12:23:32","date_gmt":"2023-10-26T10:23:32","guid":{"rendered":"https:\/\/heliosnordic.com\/?p=3168"},"modified":"2023-10-26T12:40:38","modified_gmt":"2023-10-26T10:40:38","slug":"grand-opening-of-our-first-solar-park-kungsara","status":"publish","type":"post","link":"https:\/\/heliosnordic.com\/en\/2023\/10\/26\/grand-opening-of-our-first-solar-park-kungsara\/","title":{"rendered":"Grand opening of our first solar park, Kungs\u00e5ra"},"content":{"rendered":"<p>Yesterday (20231025) we inaugurated our first solar park Kungs\u00e5ra (about 1,5 mile south of V\u00e4ster\u00e5s). Kungs\u00e5ra is currently Sweden\u00b4s largest solar park. Sweden\u00b4s climate and environment minister Romina Pourmokihtari who was present and gave an inspiring speech, had the honor of cutting the ribbon. Also present were Madeleine van der Veer, spokesperson for the Network for solar parks, the solar park\u00b4s German investors Commerze Real (Gerd Johansen and Andreas K\u00f6hler), landowners, Magnora ASA\u00b4s CEO Erik Sneve and Malin Strand from Fossilfritt Sweden and of course our CEO Andreas Tunbjer with all the Helios team. We thank everyone who was there and made the opening such a success, as well as everyone who was involved and contributed to this fantastic solar park which will deliver close to 22MW of green electricity to Sweden\u00b4s electricity grid.<\/p>\n<p>&nbsp;<\/p>\n<img loading=\"lazy\" decoding=\"async\" class=\"alignnone wp-image-3174 size-large\" src=\"https:\/\/media.heliosnordic.com\/2023\/10\/Miljoministern-tal-1024x683.jpg\" alt=\"\" width=\"1024\" height=\"683\" srcset=\"https:\/\/media.heliosnordic.com\/2023\/10\/Miljoministern-tal-1024x683.jpg 1024w, https:\/\/media.heliosnordic.com\/2023\/10\/Miljoministern-tal-300x200.jpg 300w, https:\/\/media.heliosnordic.com\/2023\/10\/Miljoministern-tal-768x513.jpg 768w, https:\/\/media.heliosnordic.com\/2023\/10\/Miljoministern-tal-480x320.jpg 480w, https:\/\/media.heliosnordic.com\/2023\/10\/Miljoministern-tal-560x374.jpg 560w, https:\/\/media.heliosnordic.com\/2023\/10\/Miljoministern-tal-638x426.jpg 638w, https:\/\/media.heliosnordic.com\/2023\/10\/Miljoministern-tal-730x487.jpg 730w, https:\/\/media.heliosnordic.com\/2023\/10\/Miljoministern-tal.jpg 1254w\" sizes=\"auto, (max-width: 1024px) 100vw, 1024px\" \/>\n<p>&nbsp;<\/p>\n<img loading=\"lazy\" decoding=\"async\" class=\"alignnone wp-image-3177 size-large\" src=\"https:\/\/media.heliosnordic.com\/2023\/10\/Far-1024x683.jpg\" alt=\"\" width=\"1024\" height=\"683\" srcset=\"https:\/\/media.heliosnordic.com\/2023\/10\/Far-1024x683.jpg 1024w, https:\/\/media.heliosnordic.com\/2023\/10\/Far-300x200.jpg 300w, https:\/\/media.heliosnordic.com\/2023\/10\/Far-768x513.jpg 768w, https:\/\/media.heliosnordic.com\/2023\/10\/Far-480x320.jpg 480w, https:\/\/media.heliosnordic.com\/2023\/10\/Far-560x374.jpg 560w, https:\/\/media.heliosnordic.com\/2023\/10\/Far-638x426.jpg 638w, https:\/\/media.heliosnordic.com\/2023\/10\/Far-730x487.jpg 730w, https:\/\/media.heliosnordic.com\/2023\/10\/Far.jpg 1254w\" sizes=\"auto, (max-width: 1024px) 100vw, 1024px\" \/>\n<p>&nbsp;<\/p>\n<img loading=\"lazy\" decoding=\"async\" class=\"alignnone wp-image-3190 size-large\" src=\"https:\/\/media.heliosnordic.com\/2023\/10\/Malin-Strand-1024x683.jpg\" alt=\"\" width=\"1024\" height=\"683\" srcset=\"https:\/\/media.heliosnordic.com\/2023\/10\/Malin-Strand-1024x683.jpg 1024w, https:\/\/media.heliosnordic.com\/2023\/10\/Malin-Strand-300x200.jpg 300w, https:\/\/media.heliosnordic.com\/2023\/10\/Malin-Strand-768x513.jpg 768w, https:\/\/media.heliosnordic.com\/2023\/10\/Malin-Strand-480x320.jpg 480w, https:\/\/media.heliosnordic.com\/2023\/10\/Malin-Strand-560x374.jpg 560w, https:\/\/media.heliosnordic.com\/2023\/10\/Malin-Strand-638x426.jpg 638w, https:\/\/media.heliosnordic.com\/2023\/10\/Malin-Strand-730x487.jpg 730w, https:\/\/media.heliosnordic.com\/2023\/10\/Malin-Strand.jpg 1254w\" sizes=\"auto, (max-width: 1024px) 100vw, 1024px\" \/>\n<p>&nbsp;<\/p>\n<img loading=\"lazy\" decoding=\"async\" class=\"alignnone wp-image-3183 size-large\" src=\"https:\/\/media.heliosnordic.com\/2023\/10\/Klipper-bandet-1024x683.jpg\" alt=\"\" width=\"1024\" height=\"683\" srcset=\"https:\/\/media.heliosnordic.com\/2023\/10\/Klipper-bandet-1024x683.jpg 1024w, https:\/\/media.heliosnordic.com\/2023\/10\/Klipper-bandet-300x200.jpg 300w, https:\/\/media.heliosnordic.com\/2023\/10\/Klipper-bandet-768x513.jpg 768w, https:\/\/media.heliosnordic.com\/2023\/10\/Klipper-bandet-480x320.jpg 480w, https:\/\/media.heliosnordic.com\/2023\/10\/Klipper-bandet-560x374.jpg 560w, https:\/\/media.heliosnordic.com\/2023\/10\/Klipper-bandet-638x426.jpg 638w, https:\/\/media.heliosnordic.com\/2023\/10\/Klipper-bandet-730x487.jpg 730w, https:\/\/media.heliosnordic.com\/2023\/10\/Klipper-bandet.jpg 1254w\" sizes=\"auto, (max-width: 1024px) 100vw, 1024px\" \/>\n<p><em>Photos taken by Jeanette Tisander<\/em><\/p>\n","protected":false},"excerpt":{"rendered":"<p>Yesterday (20231025) we inaugurated our first solar park Kungs\u00e5ra (about 1,5 mile south of V\u00e4ster\u00e5s). Kungs\u00e5ra is currently Sweden\u00b4s largest solar park. Sweden\u00b4s climate and environment minister Romina Pourmokihtari who was present and gave an inspiring speech, had the honor of cutting the ribbon. Also present were Madeleine van der Veer, spokesperson for the Network [&hellip;]<\/p>\n","protected":false},"author":3,"featured_media":0,"comment_status":"closed","ping_status":"closed","sticky":false,"template":"","format":"standard","meta":{"_acf_changed":false,"inline_featured_image":false,"footnotes":""},"categories":[12],"tags":[],"class_list":["post-3168","post","type-post","status-publish","format-standard","hentry","category-news"],"acf":[],"yoast_head":"<!-- This site is optimized with the Yoast SEO plugin v27.5 - https:\/\/yoast.com\/product\/yoast-seo-wordpress\/ -->\n<title>Grand opening of our first solar park, Kungs\u00e5ra - Helios Nordic Energy<\/title>\n<meta name=\"robots\" content=\"index, follow, max-snippet:-1, max-image-preview:large, max-video-preview:-1\" \/>\n<link rel=\"canonical\" href=\"https:\/\/heliosnordic.com\/en\/2023\/10\/26\/grand-opening-of-our-first-solar-park-kungsara\/\" \/>\n<meta property=\"og:locale\" content=\"en_US\" \/>\n<meta property=\"og:type\" content=\"article\" \/>\n<meta property=\"og:title\" content=\"Grand opening of our first solar park, Kungs\u00e5ra - Helios Nordic Energy\" \/>\n<meta property=\"og:description\" content=\"Yesterday (20231025) we inaugurated our first solar park Kungs\u00e5ra (about 1,5 mile south of V\u00e4ster\u00e5s). Kungs\u00e5ra is currently Sweden\u00b4s largest solar park. Sweden\u00b4s climate and environment minister Romina Pourmokihtari who was present and gave an inspiring speech, had the honor of cutting the ribbon. Also present were Madeleine van der Veer, spokesperson for the Network [&hellip;]\" \/>\n<meta property=\"og:url\" content=\"https:\/\/heliosnordic.com\/en\/2023\/10\/26\/grand-opening-of-our-first-solar-park-kungsara\/\" \/>\n<meta property=\"og:site_name\" content=\"Helios Nordic Energy\" \/>\n<meta property=\"article:published_time\" content=\"2023-10-26T10:23:32+00:00\" \/>\n<meta property=\"article:modified_time\" content=\"2023-10-26T10:40:38+00:00\" \/>\n<meta property=\"og:image\" content=\"https:\/\/media.heliosnordic.com\/2023\/10\/Miljoministern-tal-1024x683.jpg\" \/>\n<meta name=\"author\" content=\"Sara Appelqvist\" \/>\n<meta name=\"twitter:card\" content=\"summary_large_image\" \/>\n<meta name=\"twitter:label1\" content=\"Written by\" \/>\n\t<meta name=\"twitter:data1\" content=\"Sara Appelqvist\" \/>\n\t<meta name=\"twitter:label2\" content=\"Est. reading time\" \/>\n\t<meta name=\"twitter:data2\" content=\"2 minutes\" \/>\n<script type=\"application\/ld+json\" class=\"yoast-schema-graph\">{\"@context\":\"https:\\\/\\\/schema.org\",\"@graph\":[{\"@type\":\"Article\",\"@id\":\"https:\\\/\\\/heliosnordic.com\\\/en\\\/2023\\\/10\\\/26\\\/grand-opening-of-our-first-solar-park-kungsara\\\/#article\",\"isPartOf\":{\"@id\":\"https:\\\/\\\/heliosnordic.com\\\/en\\\/2023\\\/10\\\/26\\\/grand-opening-of-our-first-solar-park-kungsara\\\/\"},\"author\":{\"name\":\"Sara Appelqvist\",\"@id\":\"https:\\\/\\\/heliosnordic.com\\\/#\\\/schema\\\/person\\\/7b076dcd1ba5032645bfe702996bf3e2\"},\"headline\":\"Grand opening of our first solar park, Kungs\u00e5ra\",\"datePublished\":\"2023-10-26T10:23:32+00:00\",\"dateModified\":\"2023-10-26T10:40:38+00:00\",\"mainEntityOfPage\":{\"@id\":\"https:\\\/\\\/heliosnordic.com\\\/en\\\/2023\\\/10\\\/26\\\/grand-opening-of-our-first-solar-park-kungsara\\\/\"},\"wordCount\":160,\"image\":{\"@id\":\"https:\\\/\\\/heliosnordic.com\\\/en\\\/2023\\\/10\\\/26\\\/grand-opening-of-our-first-solar-park-kungsara\\\/#primaryimage\"},\"thumbnailUrl\":\"https:\\\/\\\/media.heliosnordic.com\\\/2023\\\/10\\\/Miljoministern-tal-1024x683.jpg\",\"articleSection\":[\"News\"],\"inLanguage\":\"en-US\"},{\"@type\":\"WebPage\",\"@id\":\"https:\\\/\\\/heliosnordic.com\\\/en\\\/2023\\\/10\\\/26\\\/grand-opening-of-our-first-solar-park-kungsara\\\/\",\"url\":\"https:\\\/\\\/heliosnordic.com\\\/en\\\/2023\\\/10\\\/26\\\/grand-opening-of-our-first-solar-park-kungsara\\\/\",\"name\":\"Grand opening of our first solar park, Kungs\u00e5ra - Helios Nordic Energy\",\"isPartOf\":{\"@id\":\"https:\\\/\\\/heliosnordic.com\\\/#website\"},\"primaryImageOfPage\":{\"@id\":\"https:\\\/\\\/heliosnordic.com\\\/en\\\/2023\\\/10\\\/26\\\/grand-opening-of-our-first-solar-park-kungsara\\\/#primaryimage\"},\"image\":{\"@id\":\"https:\\\/\\\/heliosnordic.com\\\/en\\\/2023\\\/10\\\/26\\\/grand-opening-of-our-first-solar-park-kungsara\\\/#primaryimage\"},\"thumbnailUrl\":\"https:\\\/\\\/media.heliosnordic.com\\\/2023\\\/10\\\/Miljoministern-tal-1024x683.jpg\",\"datePublished\":\"2023-10-26T10:23:32+00:00\",\"dateModified\":\"2023-10-26T10:40:38+00:00\",\"author\":{\"@id\":\"https:\\\/\\\/heliosnordic.com\\\/#\\\/schema\\\/person\\\/7b076dcd1ba5032645bfe702996bf3e2\"},\"breadcrumb\":{\"@id\":\"https:\\\/\\\/heliosnordic.com\\\/en\\\/2023\\\/10\\\/26\\\/grand-opening-of-our-first-solar-park-kungsara\\\/#breadcrumb\"},\"inLanguage\":\"en-US\",\"potentialAction\":[{\"@type\":\"ReadAction\",\"target\":[\"https:\\\/\\\/heliosnordic.com\\\/en\\\/2023\\\/10\\\/26\\\/grand-opening-of-our-first-solar-park-kungsara\\\/\"]}]},{\"@type\":\"ImageObject\",\"inLanguage\":\"en-US\",\"@id\":\"https:\\\/\\\/heliosnordic.com\\\/en\\\/2023\\\/10\\\/26\\\/grand-opening-of-our-first-solar-park-kungsara\\\/#primaryimage\",\"url\":\"https:\\\/\\\/media.heliosnordic.com\\\/2023\\\/10\\\/Miljoministern-tal-1024x683.jpg\",\"contentUrl\":\"https:\\\/\\\/media.heliosnordic.com\\\/2023\\\/10\\\/Miljoministern-tal-1024x683.jpg\"},{\"@type\":\"BreadcrumbList\",\"@id\":\"https:\\\/\\\/heliosnordic.com\\\/en\\\/2023\\\/10\\\/26\\\/grand-opening-of-our-first-solar-park-kungsara\\\/#breadcrumb\",\"itemListElement\":[{\"@type\":\"ListItem\",\"position\":1,\"name\":\"Hem\",\"item\":\"https:\\\/\\\/heliosnordic.com\\\/en\\\/\"},{\"@type\":\"ListItem\",\"position\":2,\"name\":\"Grand opening of our first solar park, Kungs\u00e5ra\"}]},{\"@type\":\"WebSite\",\"@id\":\"https:\\\/\\\/heliosnordic.com\\\/#website\",\"url\":\"https:\\\/\\\/heliosnordic.com\\\/\",\"name\":\"Helios Nordic Energy\",\"description\":\"Solar energy A down-to-earth solution\",\"potentialAction\":[{\"@type\":\"SearchAction\",\"target\":{\"@type\":\"EntryPoint\",\"urlTemplate\":\"https:\\\/\\\/heliosnordic.com\\\/?s={search_term_string}\"},\"query-input\":{\"@type\":\"PropertyValueSpecification\",\"valueRequired\":true,\"valueName\":\"search_term_string\"}}],\"inLanguage\":\"en-US\"},{\"@type\":\"Person\",\"@id\":\"https:\\\/\\\/heliosnordic.com\\\/#\\\/schema\\\/person\\\/7b076dcd1ba5032645bfe702996bf3e2\",\"name\":\"Sara Appelqvist\",\"image\":{\"@type\":\"ImageObject\",\"inLanguage\":\"en-US\",\"@id\":\"https:\\\/\\\/secure.gravatar.com\\\/avatar\\\/2774094b200d684f9aab44527972fdc942225016a16e238476fa05dcc781f14c?s=96&d=mm&r=g\",\"url\":\"https:\\\/\\\/secure.gravatar.com\\\/avatar\\\/2774094b200d684f9aab44527972fdc942225016a16e238476fa05dcc781f14c?s=96&d=mm&r=g\",\"contentUrl\":\"https:\\\/\\\/secure.gravatar.com\\\/avatar\\\/2774094b200d684f9aab44527972fdc942225016a16e238476fa05dcc781f14c?s=96&d=mm&r=g\",\"caption\":\"Sara Appelqvist\"},\"url\":\"https:\\\/\\\/heliosnordic.com\\\/en\\\/author\\\/sara\\\/\"}]}<\/script>\n<!-- \/ Yoast SEO plugin. -->","yoast_head_json":{"title":"Grand opening of our first solar park, Kungs\u00e5ra - Helios Nordic Energy","robots":{"index":"index","follow":"follow","max-snippet":"max-snippet:-1","max-image-preview":"max-image-preview:large","max-video-preview":"max-video-preview:-1"},"canonical":"https:\/\/heliosnordic.com\/en\/2023\/10\/26\/grand-opening-of-our-first-solar-park-kungsara\/","og_locale":"en_US","og_type":"article","og_title":"Grand opening of our first solar park, Kungs\u00e5ra - Helios Nordic Energy","og_description":"Yesterday (20231025) we inaugurated our first solar park Kungs\u00e5ra (about 1,5 mile south of V\u00e4ster\u00e5s). Kungs\u00e5ra is currently Sweden\u00b4s largest solar park. Sweden\u00b4s climate and environment minister Romina Pourmokihtari who was present and gave an inspiring speech, had the honor of cutting the ribbon. Also present were Madeleine van der Veer, spokesperson for the Network [&hellip;]","og_url":"https:\/\/heliosnordic.com\/en\/2023\/10\/26\/grand-opening-of-our-first-solar-park-kungsara\/","og_site_name":"Helios Nordic Energy","article_published_time":"2023-10-26T10:23:32+00:00","article_modified_time":"2023-10-26T10:40:38+00:00","og_image":[{"url":"https:\/\/media.heliosnordic.com\/2023\/10\/Miljoministern-tal-1024x683.jpg","type":"","width":"","height":""}],"author":"Sara Appelqvist","twitter_card":"summary_large_image","twitter_misc":{"Written by":"Sara Appelqvist","Est. reading time":"2 minutes"},"schema":{"@context":"https:\/\/schema.org","@graph":[{"@type":"Article","@id":"https:\/\/heliosnordic.com\/en\/2023\/10\/26\/grand-opening-of-our-first-solar-park-kungsara\/#article","isPartOf":{"@id":"https:\/\/heliosnordic.com\/en\/2023\/10\/26\/grand-opening-of-our-first-solar-park-kungsara\/"},"author":{"name":"Sara Appelqvist","@id":"https:\/\/heliosnordic.com\/#\/schema\/person\/7b076dcd1ba5032645bfe702996bf3e2"},"headline":"Grand opening of our first solar park, Kungs\u00e5ra","datePublished":"2023-10-26T10:23:32+00:00","dateModified":"2023-10-26T10:40:38+00:00","mainEntityOfPage":{"@id":"https:\/\/heliosnordic.com\/en\/2023\/10\/26\/grand-opening-of-our-first-solar-park-kungsara\/"},"wordCount":160,"image":{"@id":"https:\/\/heliosnordic.com\/en\/2023\/10\/26\/grand-opening-of-our-first-solar-park-kungsara\/#primaryimage"},"thumbnailUrl":"https:\/\/media.heliosnordic.com\/2023\/10\/Miljoministern-tal-1024x683.jpg","articleSection":["News"],"inLanguage":"en-US"},{"@type":"WebPage","@id":"https:\/\/heliosnordic.com\/en\/2023\/10\/26\/grand-opening-of-our-first-solar-park-kungsara\/","url":"https:\/\/heliosnordic.com\/en\/2023\/10\/26\/grand-opening-of-our-first-solar-park-kungsara\/","name":"Grand opening of our first solar park, Kungs\u00e5ra - Helios Nordic Energy","isPartOf":{"@id":"https:\/\/heliosnordic.com\/#website"},"primaryImageOfPage":{"@id":"https:\/\/heliosnordic.com\/en\/2023\/10\/26\/grand-opening-of-our-first-solar-park-kungsara\/#primaryimage"},"image":{"@id":"https:\/\/heliosnordic.com\/en\/2023\/10\/26\/grand-opening-of-our-first-solar-park-kungsara\/#primaryimage"},"thumbnailUrl":"https:\/\/media.heliosnordic.com\/2023\/10\/Miljoministern-tal-1024x683.jpg","datePublished":"2023-10-26T10:23:32+00:00","dateModified":"2023-10-26T10:40:38+00:00","author":{"@id":"https:\/\/heliosnordic.com\/#\/schema\/person\/7b076dcd1ba5032645bfe702996bf3e2"},"breadcrumb":{"@id":"https:\/\/heliosnordic.com\/en\/2023\/10\/26\/grand-opening-of-our-first-solar-park-kungsara\/#breadcrumb"},"inLanguage":"en-US","potentialAction":[{"@type":"ReadAction","target":["https:\/\/heliosnordic.com\/en\/2023\/10\/26\/grand-opening-of-our-first-solar-park-kungsara\/"]}]},{"@type":"ImageObject","inLanguage":"en-US","@id":"https:\/\/heliosnordic.com\/en\/2023\/10\/26\/grand-opening-of-our-first-solar-park-kungsara\/#primaryimage","url":"https:\/\/media.heliosnordic.com\/2023\/10\/Miljoministern-tal-1024x683.jpg","contentUrl":"https:\/\/media.heliosnordic.com\/2023\/10\/Miljoministern-tal-1024x683.jpg"},{"@type":"BreadcrumbList","@id":"https:\/\/heliosnordic.com\/en\/2023\/10\/26\/grand-opening-of-our-first-solar-park-kungsara\/#breadcrumb","itemListElement":[{"@type":"ListItem","position":1,"name":"Hem","item":"https:\/\/heliosnordic.com\/en\/"},{"@type":"ListItem","position":2,"name":"Grand opening of our first solar park, Kungs\u00e5ra"}]},{"@type":"WebSite","@id":"https:\/\/heliosnordic.com\/#website","url":"https:\/\/heliosnordic.com\/","name":"Helios Nordic Energy","description":"Solar energy A down-to-earth solution","potentialAction":[{"@type":"SearchAction","target":{"@type":"EntryPoint","urlTemplate":"https:\/\/heliosnordic.com\/?s={search_term_string}"},"query-input":{"@type":"PropertyValueSpecification","valueRequired":true,"valueName":"search_term_string"}}],"inLanguage":"en-US"},{"@type":"Person","@id":"https:\/\/heliosnordic.com\/#\/schema\/person\/7b076dcd1ba5032645bfe702996bf3e2","name":"Sara Appelqvist","image":{"@type":"ImageObject","inLanguage":"en-US","@id":"https:\/\/secure.gravatar.com\/avatar\/2774094b200d684f9aab44527972fdc942225016a16e238476fa05dcc781f14c?s=96&d=mm&r=g","url":"https:\/\/secure.gravatar.com\/avatar\/2774094b200d684f9aab44527972fdc942225016a16e238476fa05dcc781f14c?s=96&d=mm&r=g","contentUrl":"https:\/\/secure.gravatar.com\/avatar\/2774094b200d684f9aab44527972fdc942225016a16e238476fa05dcc781f14c?s=96&d=mm&r=g","caption":"Sara Appelqvist"},"url":"https:\/\/heliosnordic.com\/en\/author\/sara\/"}]}},"_links":{"self":[{"href":"https:\/\/heliosnordic.com\/en\/wp-json\/wp\/v2\/posts\/3168","targetHints":{"allow":["GET"]}}],"collection":[{"href":"https:\/\/heliosnordic.com\/en\/wp-json\/wp\/v2\/posts"}],"about":[{"href":"https:\/\/heliosnordic.com\/en\/wp-json\/wp\/v2\/types\/post"}],"author":[{"embeddable":true,"href":"https:\/\/heliosnordic.com\/en\/wp-json\/wp\/v2\/users\/3"}],"replies":[{"embeddable":true,"href":"https:\/\/heliosnordic.com\/en\/wp-json\/wp\/v2\/comments?post=3168"}],"version-history":[{"count":10,"href":"https:\/\/heliosnordic.com\/en\/wp-json\/wp\/v2\/posts\/3168\/revisions"}],"predecessor-version":[{"id":3243,"href":"https:\/\/heliosnordic.com\/en\/wp-json\/wp\/v2\/posts\/3168\/revisions\/3243"}],"wp:attachment":[{"href":"https:\/\/heliosnordic.com\/en\/wp-json\/wp\/v2\/media?parent=3168"}],"wp:term":[{"taxonomy":"category","embeddable":true,"href":"https:\/\/heliosnordic.com\/en\/wp-json\/wp\/v2\/categories?post=3168"},{"taxonomy":"post_tag","embeddable":true,"href":"https:\/\/heliosnordic.com\/en\/wp-json\/wp\/v2\/tags?post=3168"}],"curies":[{"name":"wp","href":"https:\/\/api.w.org\/{rel}","templated":true}]}}